{"id":25373,"date":"2022-10-21T19:13:03","date_gmt":"2022-10-21T19:13:03","guid":{"rendered":"https:\/\/idepprivados.com\/?p=25373"},"modified":"2022-10-21T20:02:45","modified_gmt":"2022-10-21T20:02:45","slug":"prueba-1","status":"publish","type":"post","link":"https:\/\/idepprivados.com\/index.php\/2022\/10\/21\/prueba-1\/","title":{"rendered":"Lo que debes saber para tu examen privado!\u00a0 FASE P\u00daBLICA"},"content":{"rendered":"\t\t<div data-elementor-type=\"wp-post\" data-elementor-id=\"25373\" class=\"elementor elementor-25373\" data-elementor-settings=\"{&quot;ha_cmc_init_switcher&quot;:&quot;no&quot;}\">\n\t\t\t\t<section class=\"elementor-section elementor-top-section elementor-element elementor-element-30d5318b elementor-section-boxed elementor-section-height-default elementor-section-height-default\" data-id=\"30d5318b\" data-element_type=\"section\" data-settings=\"{&quot;_ha_eqh_enable&quot;:false}\">\n\t\t\t\t\t\t<div class=\"elementor-container elementor-column-gap-default\">\n\t\t\t\t\t<div class=\"elementor-column elementor-col-100 elementor-top-column elementor-element elementor-element-e70eaf7\" data-id=\"e70eaf7\" data-element_type=\"column\">\n\t\t\t<div class=\"elementor-widget-wrap elementor-element-populated\">\n\t\t\t\t\t\t<div class=\"elementor-element elementor-element-122fa4c5 elementor-widget elementor-widget-text-editor\" data-id=\"122fa4c5\" data-element_type=\"widget\" data-widget_type=\"text-editor.default\">\n\t\t\t\t<div class=\"elementor-widget-container\"><p>Cuestionario Ley Contra el Femicidio y otras Formas de Violencia Contra la Mujer.\u00a0 Decreto 22-2008 de Congreso de la Rep\u00fablica<\/p><\/div>\n\t\t\t\t<\/div>\n\t\t\t\t\t<\/div>\n\t\t<\/div>\n\t\t\t\t\t<\/div>\n\t\t<\/section>\n\t\t\t\t<section class=\"elementor-section elementor-top-section elementor-element elementor-element-0f46dc2 elementor-section-boxed elementor-section-height-default elementor-section-height-default\" data-id=\"0f46dc2\" data-element_type=\"section\" data-settings=\"{&quot;background_background&quot;:&quot;classic&quot;,&quot;_ha_eqh_enable&quot;:false}\">\n\t\t\t\t\t\t<div class=\"elementor-container elementor-column-gap-default\">\n\t\t\t\t\t<div class=\"elementor-column elementor-col-100 elementor-top-column elementor-element elementor-element-c284c1a\" data-id=\"c284c1a\" data-element_type=\"column\">\n\t\t\t<div class=\"elementor-widget-wrap elementor-element-populated\">\n\t\t\t\t\t\t<div class=\"elementor-element elementor-element-c607c01 elementor-widget elementor-widget-image\" data-id=\"c607c01\" data-element_type=\"widget\" data-widget_type=\"image.default\">\n\t\t\t\t<div class=\"elementor-widget-container\">\n\t\t\t\t\t\t\t\t\t\t\t\t\t\t\t<img fetchpriority=\"high\" decoding=\"async\" width=\"1024\" height=\"678\" src=\"https:\/\/idepprivados.com\/wp-content\/uploads\/2022\/10\/Centro-de-Justicia.jpeg\" class=\"attachment-large size-large wp-image-25355\" alt=\"\" srcset=\"https:\/\/idepprivados.com\/wp-content\/uploads\/2022\/10\/Centro-de-Justicia.jpeg 1024w, https:\/\/idepprivados.com\/wp-content\/uploads\/2022\/10\/Centro-de-Justicia-600x397.jpeg 600w, https:\/\/idepprivados.com\/wp-content\/uploads\/2022\/10\/Centro-de-Justicia-300x199.jpeg 300w, https:\/\/idepprivados.com\/wp-content\/uploads\/2022\/10\/Centro-de-Justicia-768x509.jpeg 768w\" sizes=\"(max-width: 1024px) 100vw, 1024px\" \/>\t\t\t\t\t\t\t\t\t\t\t\t\t\t\t<\/div>\n\t\t\t\t<\/div>\n\t\t\t\t<div class=\"elementor-element elementor-element-dd4f3c3 elementor-widget elementor-widget-text-editor\" data-id=\"dd4f3c3\" data-element_type=\"widget\" data-widget_type=\"text-editor.default\">\n\t\t\t\t<div class=\"elementor-widget-container\">\n\t\t\t\t\t\t\t\t\t<p>En Guatemala la violencia contra las mujeres y las ni\u00f1as de cualquier edad, es un flagelo que sucede a diario, por tal motivo existe una regulaci\u00f3n legal mediante la Ley Contra el Femicidio y otras Formas de Violencia Contra la Mujer.\u00a0 Decreto 22-2008 de Congreso de la Rep\u00fablica, que regula disposiciones concerniente a la protecci\u00f3n de los derechos humanos de las mujeres, la integridad f\u00edsica y la vida, como bienes jur\u00eddicos tutelada y crea los delitos de Femicidio,\u00a0 Violencia contra la mujer en su manifestaci\u00f3n f\u00edsica, psicol\u00f3gica, econ\u00f3mica,\u00a0 sexual.<\/p>\n<p>La extensi\u00f3n del da\u00f1o que causan \u00e9stos delitos, afecta directa e indirectamente la vida de las v\u00edctimas y familiares en su conjunto.<\/p>\n<p>El Centro de Justicia de Delitos de Femicidio y Otras Formas de Violencia Contra la Mujer, se ubica en la direcci\u00f3n: Diagonal 6, 17-35 zona 10, ciudad de Guatemala.<\/p>\t\t\t\t\t\t\t\t<\/div>\n\t\t\t\t<\/div>\n\t\t\t\t<div class=\"elementor-element elementor-element-319bcc5 elementor-widget elementor-widget-text-editor\" data-id=\"319bcc5\" data-element_type=\"widget\" data-widget_type=\"text-editor.default\">\n\t\t\t\t<div class=\"elementor-widget-container\">\n\t\t\t\t\t\t\t\t\t1.117 lecturas\t\t\t\t\t\t\t\t<\/div>\n\t\t\t\t<\/div>\n\t\t\t\t<section class=\"elementor-section elementor-inner-section elementor-element elementor-element-e392841 elementor-section-full_width elementor-section-content-middle elementor-section-height-default elementor-section-height-default\" data-id=\"e392841\" data-element_type=\"section\" data-settings=\"{&quot;_ha_eqh_enable&quot;:false}\">\n\t\t\t\t\t\t<div class=\"elementor-container elementor-column-gap-default\">\n\t\t\t\t\t<div class=\"elementor-column elementor-col-100 elementor-inner-column elementor-element elementor-element-5bc0f91\" data-id=\"5bc0f91\" data-element_type=\"column\" data-settings=\"{&quot;background_background&quot;:&quot;classic&quot;}\">\n\t\t\t<div class=\"elementor-widget-wrap elementor-element-populated\">\n\t\t\t\t\t\t<div class=\"elementor-element elementor-element-d30d28d elementor-view-framed elementor-position-right elementor-shape-circle elementor-mobile-position-top elementor-vertical-align-top elementor-widget elementor-widget-icon-box\" data-id=\"d30d28d\" data-element_type=\"widget\" data-widget_type=\"icon-box.default\">\n\t\t\t\t<div class=\"elementor-widget-container\">\n\t\t\t\t\t\t\t<div class=\"elementor-icon-box-wrapper\">\n\n\t\t\t\t\t\t<div class=\"elementor-icon-box-icon\">\n\t\t\t\t<span  class=\"elementor-icon\">\n\t\t\t\t<i aria-hidden=\"true\" class=\"far fa-folder-open\"><\/i>\t\t\t\t<\/span>\n\t\t\t<\/div>\n\t\t\t\n\t\t\t\t\t\t<div class=\"elementor-icon-box-content\">\n\n\t\t\t\t\t\t\t\t\t<h4 class=\"elementor-icon-box-title\">\n\t\t\t\t\t\t<span  >\n\t\t\t\t\t\t\tCuestionario Ley de Femicidio y Violencia Contra la Mujer\t\t\t\t\t\t<\/span>\n\t\t\t\t\t<\/h4>\n\t\t\t\t\n\t\t\t\t\n\t\t\t<\/div>\n\t\t\t\n\t\t<\/div>\n\t\t\t\t\t\t<\/div>\n\t\t\t\t<\/div>\n\t\t\t\t<div class=\"elementor-element elementor-element-e86f44c elementor-widget elementor-widget-text-editor\" data-id=\"e86f44c\" data-element_type=\"widget\" data-widget_type=\"text-editor.default\">\n\t\t\t\t<div class=\"elementor-widget-container\">\n\t\t\t\t\t\t\t\t\t<a href=\"https:\/\/idepprivados.com\/wp-content\/uploads\/2022\/10\/Cuestionario-Ley-de-Femicidio-y-Violencia-Contra-la-Mujer.pdf\" class=\"pdfemb-viewer\" style=\"\" data-width=\"max\" data-height=\"max\" data-toolbar=\"both\" data-toolbar-fixed=\"off\">Cuestionario-Ley-de-Femicidio-y-Violencia-Contra-la-Mujer<\/a>\t\t\t\t\t\t\t\t<\/div>\n\t\t\t\t<\/div>\n\t\t\t\t<div class=\"elementor-element elementor-element-7b1fe68 elementor-align-center elementor-widget elementor-widget-button\" data-id=\"7b1fe68\" data-element_type=\"widget\" data-widget_type=\"button.default\">\n\t\t\t\t<div class=\"elementor-widget-container\">\n\t\t\t\t\t\t\t\t\t<div class=\"elementor-button-wrapper\">\n\t\t\t\t\t<a class=\"elementor-button elementor-button-link elementor-size-sm\" href=\"https:\/\/idepprivados.com\/wp-content\/uploads\/2022\/10\/Cuestionario-Ley-de-Femicidio-y-Violencia-Contra-la-Mujer.pdf\">\n\t\t\t\t\t\t<span class=\"elementor-button-content-wrapper\">\n\t\t\t\t\t\t\t\t\t<span class=\"elementor-button-text\">Descargar<\/span>\n\t\t\t\t\t<\/span>\n\t\t\t\t\t<\/a>\n\t\t\t\t<\/div>\n\t\t\t\t\t\t\t\t<\/div>\n\t\t\t\t<\/div>\n\t\t\t\t\t<\/div>\n\t\t<\/div>\n\t\t\t\t\t<\/div>\n\t\t<\/section>\n\t\t\t\t\t<\/div>\n\t\t<\/div>\n\t\t\t\t\t<\/div>\n\t\t<\/section>\t\t<\/div>\n\t\t","protected":false},"excerpt":{"rendered":"<p>Cuestionario Ley Contra el Femicidio y otras Formas de Violencia Contra la Mujer.&nbsp; Decreto 22-2008 de Congreso de la Rep\u00fablica En Guatemala la violencia contra las mujeres y las ni\u00f1as de cualquier edad, es un flagelo que sucede a diario, por tal motivo existe una regulaci\u00f3n legal mediante la Ley Contra el Femicidio y otras [&hellip;]<\/p>\n","protected":false},"author":1,"featured_media":0,"comment_status":"open","ping_status":"open","sticky":false,"template":"","format":"standard","meta":{"_eb_attr":"","site-sidebar-layout":"default","site-content-layout":"","ast-site-content-layout":"","site-content-style":"default","site-sidebar-style":"default","ast-global-header-display":"","ast-banner-title-visibility":"","ast-main-header-display":"","ast-hfb-above-header-display":"","ast-hfb-below-header-display":"","ast-hfb-mobile-header-display":"","site-post-title":"","ast-breadcrumbs-content":"","ast-featured-img":"","footer-sml-layout":"","theme-transparent-header-meta":"","adv-header-id-meta":"","stick-header-meta":"","header-above-stick-meta":"","header-main-stick-meta":"","header-below-stick-meta":"","astra-migrate-meta-layouts":"default","ast-page-background-enabled":"default","ast-page-background-meta":{"desktop":{"background-color":"","background-image":"","background-repeat":"repeat","background-position":"center center","background-size":"auto","background-attachment":"scroll","background-type":"","background-media":"","overlay-type":"","overlay-color":"","overlay-opacity":"","overlay-gradient":""},"tablet":{"background-color":"","background-image":"","background-repeat":"repeat","background-position":"center center","background-size":"auto","background-attachment":"scroll","background-type":"","background-media":"","overlay-type":"","overlay-color":"","overlay-opacity":"","overlay-gradient":""},"mobile":{"background-color":"","background-image":"","background-repeat":"repeat","background-position":"center center","background-size":"auto","background-attachment":"scroll","background-type":"","background-media":"","overlay-type":"","overlay-color":"","overlay-opacity":"","overlay-gradient":""}},"ast-content-background-meta":{"desktop":{"background-color":"var(--ast-global-color-5)","background-image":"","background-repeat":"repeat","background-position":"center center","background-size":"auto","background-attachment":"scroll","background-type":"","background-media":"","overlay-type":"","overlay-color":"","overlay-opacity":"","overlay-gradient":""},"tablet":{"background-color":"var(--ast-global-color-5)","background-image":"","background-repeat":"repeat","background-position":"center center","background-size":"auto","background-attachment":"scroll","background-type":"","background-media":"","overlay-type":"","overlay-color":"","overlay-opacity":"","overlay-gradient":""},"mobile":{"background-color":"var(--ast-global-color-5)","background-image":"","background-repeat":"repeat","background-position":"center center","background-size":"auto","background-attachment":"scroll","background-type":"","background-media":"","overlay-type":"","overlay-color":"","overlay-opacity":"","overlay-gradient":""}},"_joinchat":[],"footnotes":""},"categories":[9],"tags":[],"class_list":["post-25373","post","type-post","status-publish","format-standard","hentry","category-blog"],"yoast_head":"<!-- This site is optimized with the Yoast SEO plugin v25.2 - https:\/\/yoast.com\/wordpress\/plugins\/seo\/ -->\n<title>Lo que debes saber para tu examen privado!\u00a0 FASE P\u00daBLICA &#8211; IDEP - Instituto de Preparaci\u00f3n de Privados<\/title>\n<meta name=\"robots\" content=\"index, follow, max-snippet:-1, max-image-preview:large, max-video-preview:-1\" \/>\n<link rel=\"canonical\" href=\"https:\/\/idepprivados.com\/index.php\/2022\/10\/21\/prueba-1\/\" \/>\n<meta property=\"og:locale\" content=\"es_ES\" \/>\n<meta property=\"og:type\" content=\"article\" \/>\n<meta property=\"og:title\" content=\"Lo que debes saber para tu examen privado!\u00a0 FASE P\u00daBLICA &#8211; IDEP - Instituto de Preparaci\u00f3n de Privados\" \/>\n<meta property=\"og:description\" content=\"Cuestionario Ley Contra el Femicidio y otras Formas de Violencia Contra la Mujer.&nbsp; Decreto 22-2008 de Congreso de la Rep\u00fablica En Guatemala la violencia contra las mujeres y las ni\u00f1as de cualquier edad, es un flagelo que sucede a diario, por tal motivo existe una regulaci\u00f3n legal mediante la Ley Contra el Femicidio y otras [&hellip;]\" \/>\n<meta property=\"og:url\" content=\"https:\/\/idepprivados.com\/index.php\/2022\/10\/21\/prueba-1\/\" \/>\n<meta property=\"og:site_name\" content=\"IDEP - Instituto de Preparaci\u00f3n de Privados\" \/>\n<meta property=\"article:publisher\" content=\"https:\/\/www.facebook.com\/profile.php?id=100086724848823\" \/>\n<meta property=\"article:published_time\" content=\"2022-10-21T19:13:03+00:00\" \/>\n<meta property=\"article:modified_time\" content=\"2022-10-21T20:02:45+00:00\" \/>\n<meta property=\"og:image\" content=\"https:\/\/idepprivados.com\/wp-content\/uploads\/2022\/10\/Centro-de-Justicia.jpeg\" \/>\n<meta name=\"author\" content=\"IdepPrivados\" \/>\n<meta name=\"twitter:card\" content=\"summary_large_image\" \/>\n<script type=\"application\/ld+json\" class=\"yoast-schema-graph\">{\"@context\":\"https:\/\/schema.org\",\"@graph\":[{\"@type\":\"Article\",\"@id\":\"https:\/\/idepprivados.com\/index.php\/2022\/10\/21\/prueba-1\/#article\",\"isPartOf\":{\"@id\":\"https:\/\/idepprivados.com\/index.php\/2022\/10\/21\/prueba-1\/\"},\"author\":{\"name\":\"IdepPrivados\",\"@id\":\"https:\/\/idepprivados.com\/#\/schema\/person\/91324df415d2f8f24c1d178a5aa91f51\"},\"headline\":\"Lo que debes saber para tu examen privado!\u00a0 FASE P\u00daBLICA\",\"datePublished\":\"2022-10-21T19:13:03+00:00\",\"dateModified\":\"2022-10-21T20:02:45+00:00\",\"mainEntityOfPage\":{\"@id\":\"https:\/\/idepprivados.com\/index.php\/2022\/10\/21\/prueba-1\/\"},\"wordCount\":208,\"commentCount\":0,\"publisher\":{\"@id\":\"https:\/\/idepprivados.com\/#organization\"},\"image\":{\"@id\":\"https:\/\/idepprivados.com\/index.php\/2022\/10\/21\/prueba-1\/#primaryimage\"},\"thumbnailUrl\":\"https:\/\/idepprivados.com\/wp-content\/uploads\/2022\/10\/Centro-de-Justicia.jpeg\",\"articleSection\":[\"Blog\"],\"inLanguage\":\"es\",\"potentialAction\":[{\"@type\":\"CommentAction\",\"name\":\"Comment\",\"target\":[\"https:\/\/idepprivados.com\/index.php\/2022\/10\/21\/prueba-1\/#respond\"]}]},{\"@type\":\"WebPage\",\"@id\":\"https:\/\/idepprivados.com\/index.php\/2022\/10\/21\/prueba-1\/\",\"url\":\"https:\/\/idepprivados.com\/index.php\/2022\/10\/21\/prueba-1\/\",\"name\":\"Lo que debes saber para tu examen privado!\u00a0 FASE P\u00daBLICA &#8211; IDEP - Instituto de Preparaci\u00f3n de Privados\",\"isPartOf\":{\"@id\":\"https:\/\/idepprivados.com\/#website\"},\"primaryImageOfPage\":{\"@id\":\"https:\/\/idepprivados.com\/index.php\/2022\/10\/21\/prueba-1\/#primaryimage\"},\"image\":{\"@id\":\"https:\/\/idepprivados.com\/index.php\/2022\/10\/21\/prueba-1\/#primaryimage\"},\"thumbnailUrl\":\"https:\/\/idepprivados.com\/wp-content\/uploads\/2022\/10\/Centro-de-Justicia.jpeg\",\"datePublished\":\"2022-10-21T19:13:03+00:00\",\"dateModified\":\"2022-10-21T20:02:45+00:00\",\"breadcrumb\":{\"@id\":\"https:\/\/idepprivados.com\/index.php\/2022\/10\/21\/prueba-1\/#breadcrumb\"},\"inLanguage\":\"es\",\"potentialAction\":[{\"@type\":\"ReadAction\",\"target\":[\"https:\/\/idepprivados.com\/index.php\/2022\/10\/21\/prueba-1\/\"]}]},{\"@type\":\"ImageObject\",\"inLanguage\":\"es\",\"@id\":\"https:\/\/idepprivados.com\/index.php\/2022\/10\/21\/prueba-1\/#primaryimage\",\"url\":\"https:\/\/idepprivados.com\/wp-content\/uploads\/2022\/10\/Centro-de-Justicia.jpeg\",\"contentUrl\":\"https:\/\/idepprivados.com\/wp-content\/uploads\/2022\/10\/Centro-de-Justicia.jpeg\",\"width\":1024,\"height\":678},{\"@type\":\"BreadcrumbList\",\"@id\":\"https:\/\/idepprivados.com\/index.php\/2022\/10\/21\/prueba-1\/#breadcrumb\",\"itemListElement\":[{\"@type\":\"ListItem\",\"position\":1,\"name\":\"Portada\",\"item\":\"https:\/\/idepprivados.com\/\"},{\"@type\":\"ListItem\",\"position\":2,\"name\":\"Lo que debes saber para tu examen privado!\u00a0 FASE P\u00daBLICA\"}]},{\"@type\":\"WebSite\",\"@id\":\"https:\/\/idepprivados.com\/#website\",\"url\":\"https:\/\/idepprivados.com\/\",\"name\":\"IDEP - Instituto de Preparaci\u00f3n de Privados\",\"description\":\"Instituto de Preparaci\u00f3n de Privados\",\"publisher\":{\"@id\":\"https:\/\/idepprivados.com\/#organization\"},\"potentialAction\":[{\"@type\":\"SearchAction\",\"target\":{\"@type\":\"EntryPoint\",\"urlTemplate\":\"https:\/\/idepprivados.com\/?s={search_term_string}\"},\"query-input\":{\"@type\":\"PropertyValueSpecification\",\"valueRequired\":true,\"valueName\":\"search_term_string\"}}],\"inLanguage\":\"es\"},{\"@type\":\"Organization\",\"@id\":\"https:\/\/idepprivados.com\/#organization\",\"name\":\"IDEP - Instituto de Preparaci\u00f3n de Privados\",\"url\":\"https:\/\/idepprivados.com\/\",\"logo\":{\"@type\":\"ImageObject\",\"inLanguage\":\"es\",\"@id\":\"https:\/\/idepprivados.com\/#\/schema\/logo\/image\/\",\"url\":\"https:\/\/idepprivados.com\/wp-content\/uploads\/2022\/10\/idep-02-4.png\",\"contentUrl\":\"https:\/\/idepprivados.com\/wp-content\/uploads\/2022\/10\/idep-02-4.png\",\"width\":2182,\"height\":2250,\"caption\":\"IDEP - Instituto de Preparaci\u00f3n de Privados\"},\"image\":{\"@id\":\"https:\/\/idepprivados.com\/#\/schema\/logo\/image\/\"},\"sameAs\":[\"https:\/\/www.facebook.com\/profile.php?id=100086724848823\"]},{\"@type\":\"Person\",\"@id\":\"https:\/\/idepprivados.com\/#\/schema\/person\/91324df415d2f8f24c1d178a5aa91f51\",\"name\":\"IdepPrivados\",\"image\":{\"@type\":\"ImageObject\",\"inLanguage\":\"es\",\"@id\":\"https:\/\/idepprivados.com\/#\/schema\/person\/image\/\",\"url\":\"https:\/\/secure.gravatar.com\/avatar\/d574b2d269fa88f7b91c78ab6555077b6765e87976f74021ace26b5a0339c8c0?s=96&d=mm&r=g\",\"contentUrl\":\"https:\/\/secure.gravatar.com\/avatar\/d574b2d269fa88f7b91c78ab6555077b6765e87976f74021ace26b5a0339c8c0?s=96&d=mm&r=g\",\"caption\":\"IdepPrivados\"},\"sameAs\":[\"https:\/\/idepprivados.com\"],\"url\":\"https:\/\/idepprivados.com\/index.php\/author\/userprivado22\/\"}]}<\/script>\n<!-- \/ Yoast SEO plugin. -->","yoast_head_json":{"title":"Lo que debes saber para tu examen privado!\u00a0 FASE P\u00daBLICA &#8211; IDEP - Instituto de Preparaci\u00f3n de Privados","robots":{"index":"index","follow":"follow","max-snippet":"max-snippet:-1","max-image-preview":"max-image-preview:large","max-video-preview":"max-video-preview:-1"},"canonical":"https:\/\/idepprivados.com\/index.php\/2022\/10\/21\/prueba-1\/","og_locale":"es_ES","og_type":"article","og_title":"Lo que debes saber para tu examen privado!\u00a0 FASE P\u00daBLICA &#8211; IDEP - Instituto de Preparaci\u00f3n de Privados","og_description":"Cuestionario Ley Contra el Femicidio y otras Formas de Violencia Contra la Mujer.&nbsp; Decreto 22-2008 de Congreso de la Rep\u00fablica En Guatemala la violencia contra las mujeres y las ni\u00f1as de cualquier edad, es un flagelo que sucede a diario, por tal motivo existe una regulaci\u00f3n legal mediante la Ley Contra el Femicidio y otras [&hellip;]","og_url":"https:\/\/idepprivados.com\/index.php\/2022\/10\/21\/prueba-1\/","og_site_name":"IDEP - Instituto de Preparaci\u00f3n de Privados","article_publisher":"https:\/\/www.facebook.com\/profile.php?id=100086724848823","article_published_time":"2022-10-21T19:13:03+00:00","article_modified_time":"2022-10-21T20:02:45+00:00","og_image":[{"url":"https:\/\/idepprivados.com\/wp-content\/uploads\/2022\/10\/Centro-de-Justicia.jpeg","type":"","width":"","height":""}],"author":"IdepPrivados","twitter_card":"summary_large_image","schema":{"@context":"https:\/\/schema.org","@graph":[{"@type":"Article","@id":"https:\/\/idepprivados.com\/index.php\/2022\/10\/21\/prueba-1\/#article","isPartOf":{"@id":"https:\/\/idepprivados.com\/index.php\/2022\/10\/21\/prueba-1\/"},"author":{"name":"IdepPrivados","@id":"https:\/\/idepprivados.com\/#\/schema\/person\/91324df415d2f8f24c1d178a5aa91f51"},"headline":"Lo que debes saber para tu examen privado!\u00a0 FASE P\u00daBLICA","datePublished":"2022-10-21T19:13:03+00:00","dateModified":"2022-10-21T20:02:45+00:00","mainEntityOfPage":{"@id":"https:\/\/idepprivados.com\/index.php\/2022\/10\/21\/prueba-1\/"},"wordCount":208,"commentCount":0,"publisher":{"@id":"https:\/\/idepprivados.com\/#organization"},"image":{"@id":"https:\/\/idepprivados.com\/index.php\/2022\/10\/21\/prueba-1\/#primaryimage"},"thumbnailUrl":"https:\/\/idepprivados.com\/wp-content\/uploads\/2022\/10\/Centro-de-Justicia.jpeg","articleSection":["Blog"],"inLanguage":"es","potentialAction":[{"@type":"CommentAction","name":"Comment","target":["https:\/\/idepprivados.com\/index.php\/2022\/10\/21\/prueba-1\/#respond"]}]},{"@type":"WebPage","@id":"https:\/\/idepprivados.com\/index.php\/2022\/10\/21\/prueba-1\/","url":"https:\/\/idepprivados.com\/index.php\/2022\/10\/21\/prueba-1\/","name":"Lo que debes saber para tu examen privado!\u00a0 FASE P\u00daBLICA &#8211; IDEP - Instituto de Preparaci\u00f3n de Privados","isPartOf":{"@id":"https:\/\/idepprivados.com\/#website"},"primaryImageOfPage":{"@id":"https:\/\/idepprivados.com\/index.php\/2022\/10\/21\/prueba-1\/#primaryimage"},"image":{"@id":"https:\/\/idepprivados.com\/index.php\/2022\/10\/21\/prueba-1\/#primaryimage"},"thumbnailUrl":"https:\/\/idepprivados.com\/wp-content\/uploads\/2022\/10\/Centro-de-Justicia.jpeg","datePublished":"2022-10-21T19:13:03+00:00","dateModified":"2022-10-21T20:02:45+00:00","breadcrumb":{"@id":"https:\/\/idepprivados.com\/index.php\/2022\/10\/21\/prueba-1\/#breadcrumb"},"inLanguage":"es","potentialAction":[{"@type":"ReadAction","target":["https:\/\/idepprivados.com\/index.php\/2022\/10\/21\/prueba-1\/"]}]},{"@type":"ImageObject","inLanguage":"es","@id":"https:\/\/idepprivados.com\/index.php\/2022\/10\/21\/prueba-1\/#primaryimage","url":"https:\/\/idepprivados.com\/wp-content\/uploads\/2022\/10\/Centro-de-Justicia.jpeg","contentUrl":"https:\/\/idepprivados.com\/wp-content\/uploads\/2022\/10\/Centro-de-Justicia.jpeg","width":1024,"height":678},{"@type":"BreadcrumbList","@id":"https:\/\/idepprivados.com\/index.php\/2022\/10\/21\/prueba-1\/#breadcrumb","itemListElement":[{"@type":"ListItem","position":1,"name":"Portada","item":"https:\/\/idepprivados.com\/"},{"@type":"ListItem","position":2,"name":"Lo que debes saber para tu examen privado!\u00a0 FASE P\u00daBLICA"}]},{"@type":"WebSite","@id":"https:\/\/idepprivados.com\/#website","url":"https:\/\/idepprivados.com\/","name":"IDEP - Instituto de Preparaci\u00f3n de Privados","description":"Instituto de Preparaci\u00f3n de Privados","publisher":{"@id":"https:\/\/idepprivados.com\/#organization"},"potentialAction":[{"@type":"SearchAction","target":{"@type":"EntryPoint","urlTemplate":"https:\/\/idepprivados.com\/?s={search_term_string}"},"query-input":{"@type":"PropertyValueSpecification","valueRequired":true,"valueName":"search_term_string"}}],"inLanguage":"es"},{"@type":"Organization","@id":"https:\/\/idepprivados.com\/#organization","name":"IDEP - Instituto de Preparaci\u00f3n de Privados","url":"https:\/\/idepprivados.com\/","logo":{"@type":"ImageObject","inLanguage":"es","@id":"https:\/\/idepprivados.com\/#\/schema\/logo\/image\/","url":"https:\/\/idepprivados.com\/wp-content\/uploads\/2022\/10\/idep-02-4.png","contentUrl":"https:\/\/idepprivados.com\/wp-content\/uploads\/2022\/10\/idep-02-4.png","width":2182,"height":2250,"caption":"IDEP - Instituto de Preparaci\u00f3n de Privados"},"image":{"@id":"https:\/\/idepprivados.com\/#\/schema\/logo\/image\/"},"sameAs":["https:\/\/www.facebook.com\/profile.php?id=100086724848823"]},{"@type":"Person","@id":"https:\/\/idepprivados.com\/#\/schema\/person\/91324df415d2f8f24c1d178a5aa91f51","name":"IdepPrivados","image":{"@type":"ImageObject","inLanguage":"es","@id":"https:\/\/idepprivados.com\/#\/schema\/person\/image\/","url":"https:\/\/secure.gravatar.com\/avatar\/d574b2d269fa88f7b91c78ab6555077b6765e87976f74021ace26b5a0339c8c0?s=96&d=mm&r=g","contentUrl":"https:\/\/secure.gravatar.com\/avatar\/d574b2d269fa88f7b91c78ab6555077b6765e87976f74021ace26b5a0339c8c0?s=96&d=mm&r=g","caption":"IdepPrivados"},"sameAs":["https:\/\/idepprivados.com"],"url":"https:\/\/idepprivados.com\/index.php\/author\/userprivado22\/"}]}},"views":1117,"_links":{"self":[{"href":"https:\/\/idepprivados.com\/index.php\/wp-json\/wp\/v2\/posts\/25373","targetHints":{"allow":["GET"]}}],"collection":[{"href":"https:\/\/idepprivados.com\/index.php\/wp-json\/wp\/v2\/posts"}],"about":[{"href":"https:\/\/idepprivados.com\/index.php\/wp-json\/wp\/v2\/types\/post"}],"author":[{"embeddable":true,"href":"https:\/\/idepprivados.com\/index.php\/wp-json\/wp\/v2\/users\/1"}],"replies":[{"embeddable":true,"href":"https:\/\/idepprivados.com\/index.php\/wp-json\/wp\/v2\/comments?post=25373"}],"version-history":[{"count":33,"href":"https:\/\/idepprivados.com\/index.php\/wp-json\/wp\/v2\/posts\/25373\/revisions"}],"predecessor-version":[{"id":25410,"href":"https:\/\/idepprivados.com\/index.php\/wp-json\/wp\/v2\/posts\/25373\/revisions\/25410"}],"wp:attachment":[{"href":"https:\/\/idepprivados.com\/index.php\/wp-json\/wp\/v2\/media?parent=25373"}],"wp:term":[{"taxonomy":"category","embeddable":true,"href":"https:\/\/idepprivados.com\/index.php\/wp-json\/wp\/v2\/categories?post=25373"},{"taxonomy":"post_tag","embeddable":true,"href":"https:\/\/idepprivados.com\/index.php\/wp-json\/wp\/v2\/tags?post=25373"}],"curies":[{"name":"wp","href":"https:\/\/api.w.org\/{rel}","templated":true}]}}